{"id":2685,"date":"2022-12-02T09:52:03","date_gmt":"2022-12-02T09:52:03","guid":{"rendered":"https:\/\/disalto.pt\/?p=2685"},"modified":"2024-10-28T11:41:03","modified_gmt":"2024-10-28T11:41:03","slug":"paco-dos-infantes-6","status":"publish","type":"post","link":"https:\/\/disalto.pt\/en\/vinho-tinto-en\/paco-dos-infantes-6\/","title":{"rendered":"Pa\u00e7o dos Infantes Reserve"},"content":{"rendered":"<p>[et_pb_section bb_built=&#8221;1&#8243; _builder_version=&#8221;4.4.4&#8243; da_disable_devices=&#8221;off|off|off&#8221; da_is_popup=&#8221;off&#8221; da_exit_intent=&#8221;off&#8221; da_has_close=&#8221;on&#8221; da_alt_close=&#8221;off&#8221; da_dark_close=&#8221;off&#8221; da_not_modal=&#8221;on&#8221; da_is_singular=&#8221;off&#8221; da_with_loader=&#8221;off&#8221; da_has_shadow=&#8221;on&#8221;][et_pb_row _builder_version=&#8221;4.4.4&#8243;][et_pb_column type=&#8221;4_4&#8243; _builder_version=&#8221;4.4.4&#8243;][et_pb_text admin_label=&#8221;Excerto&#8221; module_class=&#8221;excerpt&#8221; _builder_version=&#8221;4.7.7&#8243; _dynamic_attributes=&#8221;content&#8221; _module_preset=&#8221;default&#8221; locked=&#8221;on&#8221;]<\/p>\n<p>@ET-DC@eyJkeW5hbWljIjp0cnVlLCJjb250ZW50IjoicG9zdF9leGNlcnB0Iiwic2V0dGluZ3MiOnsiYmVmb3JlIjoiIiwiYWZ0ZXIiOiIiLCJ3b3JkcyI6IiIsInJlYWRfbW9yZV9sYWJlbCI6IiJ9fQ==@<\/p>\n<p>[\/et_pb_text][et_pb_text admin_label=&#8221;Categorias&#8221; module_class=&#8221;categories&#8221; _builder_version=&#8221;4.7.7&#8243; _dynamic_attributes=&#8221;content&#8221; _module_preset=&#8221;default&#8221; locked=&#8221;on&#8221;]<\/p>\n<p>@ET-DC@eyJkeW5hbWljIjp0cnVlLCJjb250ZW50IjoicG9zdF9jYXRlZ29yaWVzIiwic2V0dGluZ3MiOnsiYmVmb3JlIjoiIiwiYWZ0ZXIiOiIiLCJsaW5rX3RvX3Rlcm1fcGFnZSI6Im9uIiwic2VwYXJhdG9yIjoiIHwgIiwiY2F0ZWdvcnlfdHlwZSI6ImNhdGVnb3J5In19@<\/p>\n<p>[\/et_pb_text][et_pb_text admin_label=&#8221;Descritivo&#8221; module_class=&#8221;descritivo&#8221; _builder_version=&#8221;4.19.2&#8243; background_pattern_color=&#8221;rgba(0,0,0,0.2)&#8221; background_mask_color=&#8221;#ffffff&#8221;]<\/p>\n<p class=\"_04xlpA direction-ltr align-start para-style-body\"><strong><span class=\"JsGRdQ\">ORIGIN<\/span><\/strong><span class=\"JsGRdQ\">: Alentejo, the sub-region of Vidigueira.<\/span><\/p>\n<p class=\"_04xlpA direction-ltr align-start para-style-body\"><strong><span class=\"JsGRdQ\">VARIETIES<\/span><\/strong><span class=\"JsGRdQ\">: 50% Alicante Bouschet, 30% Touriga Nacional e 20% Cabernet Sauvignon.<\/span><\/p>\n<p class=\"_04xlpA direction-ltr align-start para-style-body\"><strong><span class=\"JsGRdQ\">HARVEST<\/span><\/strong><span class=\"JsGRdQ\">: Manual harvest for 12kg boxes.<\/span><\/p>\n<p class=\"_04xlpA direction-ltr align-start para-style-body\"><strong><span class=\"JsGRdQ\">VINIFICATION<\/span><\/strong><span class=\"JsGRdQ\">: Manual selection on a vibrating sorting table, followed by destemming and light crushing. Cold pre-fermentative maceration for 48 hours. Alcoholic fermentation takes place in stainless steel tanks with controlled temperature. Aging for 12 months in new oak barrels of 300 and 500L.<\/span><\/p>\n<p class=\"_04xlpA direction-ltr align-justify para-style-body\"><strong><span class=\"JsGRdQ\">WINEMAKERS<\/span><\/strong><span class=\"JsGRdQ\">: Ricardo Xarepe Silva | Ant\u00f3nio Selas<\/span><\/p>\n<p class=\"_04xlpA direction-ltr align-justify para-style-body\"><strong><span class=\"JsGRdQ\">HARMONIZATION<\/span><\/strong><span class=\"JsGRdQ\">: Accompanies with traditional meat dishes of Portuguese cuisine, hunting dishes, and cheeses with intense flavor.<\/span><\/p>\n<p>[\/et_pb_text][et_pb_text admin_label=&#8221;Nota de Prova&#8221; module_class=&#8221;nota-de-prova&#8221; _builder_version=&#8221;4.19.2&#8243; locked=&#8221;off&#8221; background_pattern_color=&#8221;rgba(0,0,0,0.2)&#8221; background_mask_color=&#8221;#ffffff&#8221;]<\/p>\n<p><strong><span class=\"JsGRdQ\">TASTING NOTES<\/span><\/strong><span class=\"JsGRdQ\">: Deep and concentrated ruby \u200b\u200bcolor. Aroma marked by fresh red fruit, some floral, balsamic and roasting notes. Good structure and volume in the mouth, fine tannin, good acidity to balance and give persistence in the aftertaste. Alcohol Content (% vol.): 14.7%<\/span><\/p>\n<p>[\/et_pb_text][et_pb_text admin_label=&#8221;Produ\u00e7\u00e3o&#8221; module_class=&#8221;producao&#8221; _builder_version=&#8221;4.19.2&#8243; background_pattern_color=&#8221;rgba(0,0,0,0.2)&#8221; background_mask_color=&#8221;#ffffff&#8221;]<\/p>\n<p>\u00a0<\/p>\n<p><strong>Logistic information<br \/><\/strong>Capacity: 75cl | 150cl<br \/>Box &#8211; 3 bottles 75cl<br \/>Contains sulfites<\/p>\n<p>[\/et_pb_text][\/et_pb_column][\/et_pb_row][\/et_pb_section]<\/p>\n","protected":false},"excerpt":{"rendered":"<p>Red<\/p>\n","protected":false},"author":4,"featured_media":3879,"comment_status":"closed","ping_status":"closed","sticky":false,"template":"","format":"standard","meta":{"_et_pb_use_builder":"on","_et_pb_old_content":"[et_pb_section fb_built=\"1\" _builder_version=\"4.4.4\"][et_pb_row _builder_version=\"4.4.4\"][et_pb_column type=\"4_4\" _builder_version=\"4.4.4\"][et_pb_text admin_label=\"Excerto\" module_class=\"excerpt\" _builder_version=\"4.7.7\" _dynamic_attributes=\"content\" _module_preset=\"default\" locked=\"on\"]@ET-DC@eyJkeW5hbWljIjp0cnVlLCJjb250ZW50IjoicG9zdF9leGNlcnB0Iiwic2V0dGluZ3MiOnsiYmVmb3JlIjoiIiwiYWZ0ZXIiOiIiLCJ3b3JkcyI6IiIsInJlYWRfbW9yZV9sYWJlbCI6IiJ9fQ==@[\/et_pb_text][et_pb_text admin_label=\"Categorias\" module_class=\"categories\" _builder_version=\"4.7.7\" _dynamic_attributes=\"content\" _module_preset=\"default\" locked=\"on\"]@ET-DC@eyJkeW5hbWljIjp0cnVlLCJjb250ZW50IjoicG9zdF9jYXRlZ29yaWVzIiwic2V0dGluZ3MiOnsiYmVmb3JlIjoiIiwiYWZ0ZXIiOiIiLCJsaW5rX3RvX3Rlcm1fcGFnZSI6Im9uIiwic2VwYXJhdG9yIjoiIHwgIiwiY2F0ZWdvcnlfdHlwZSI6ImNhdGVnb3J5In19@[\/et_pb_text][et_pb_text admin_label=\"Descritivo\" module_class=\"descritivo\" _builder_version=\"4.7.7\"]<p><strong>ORIGEM: <\/strong>Alentejo, sub-regi\u00e3o da Vidigueira.<\/p>\r\n<p><strong>CASTAS: <\/strong>100% Touriga Nacional.<\/p>\r\n<p><strong>VINDIMA<\/strong>: Vindima manual para caixas de 12kg, realizada em setembro de 2018.<\/p>\r\n<p><strong>VINIFICA\u00c7\u00c3O<\/strong>: Sele\u00e7\u00e3o manual em mesa de triagem vibrat\u00f3ria, seguida de desengace e leve esmagamento. Macera\u00e7\u00e3o pr\u00e9-fermentativa a frio durante 48h. A fermenta\u00e7\u00e3o alco\u00f3lica \u00e9 feita em lagares de inox com temperatura controlada. Ap\u00f3s a prensagem, o vinho \u00e9 trasfegado para barricas de carvalho franc\u00eas de 500L, onde realiza a fermenta\u00e7\u00e3o malol\u00e1tica e estagia por mais 10 meses.<\/p>\r\n<p><strong>ENOLOGIA<\/strong>: Ricardo Xarepe Silva | Ant\u00f3nio Selas<\/p>\r\n<p><strong>HARMONIZA\u00c7\u00c3O<\/strong>: Acompanha com pratos de carne e peixe da cozinha tradicional portuguesa, ca\u00e7a, risotto de cogumelos e queijos de sabor intenso. A temperatura ideal de servi\u00e7o \u00e9 entre 16\u00baC e 17\u00baC.<\/p>[\/et_pb_text][et_pb_text admin_label=\"Nota de Prova\" module_class=\"nota-de-prova\" _builder_version=\"4.7.7\" locked=\"off\"]<strong>Nota de Prova <\/strong>Cor rubi profunda. Aroma dominado pela fruta, cereja madura e ameixa fresca, em perfeito equil\u00edbrio com leves notas tostadas provenientes do est\u00e1gio em madeira. O tanino fino e bem polido, origina uma prova de boca estruturada e aveludada, marcada pela eleg\u00e2ncia. Final longo e sumarento. Teor Alco\u00f3lico (%vol:): 14,6%[\/et_pb_text][et_pb_text admin_label=\"Produ\u00e7\u00e3o\" module_class=\"producao\" _builder_version=\"4.7.7\"]<p><strong>Produ\u00e7\u00e3o<br \/><\/strong>Engarrafamento: Outubro 2020<\/p>\r\n<p><strong>Log\u00edstica<br \/><\/strong>Capacidade: 75cl | 150cl<br \/>Caixa cart\u00e3o - 6 garrafas 75cl<br \/>Cont\u00e9m sulfitos<\/p>[\/et_pb_text][\/et_pb_column][\/et_pb_row][\/et_pb_section]","_et_gb_content_width":"","_jetpack_memberships_contains_paid_content":false,"footnotes":""},"categories":[49,46],"tags":[141],"class_list":["post-2685","post","type-post","status-publish","format-standard","has-post-thumbnail","hentry","category-alentejo-en","category-vinho-tinto-en","tag-red"],"jetpack_featured_media_url":"https:\/\/i0.wp.com\/disalto.pt\/wp-content\/uploads\/2024\/10\/12.jpg?fit=320%2C600&ssl=1","jetpack_sharing_enabled":true,"_links":{"self":[{"href":"https:\/\/disalto.pt\/en\/wp-json\/wp\/v2\/posts\/2685","targetHints":{"allow":["GET"]}}],"collection":[{"href":"https:\/\/disalto.pt\/en\/wp-json\/wp\/v2\/posts"}],"about":[{"href":"https:\/\/disalto.pt\/en\/wp-json\/wp\/v2\/types\/post"}],"author":[{"embeddable":true,"href":"https:\/\/disalto.pt\/en\/wp-json\/wp\/v2\/users\/4"}],"replies":[{"embeddable":true,"href":"https:\/\/disalto.pt\/en\/wp-json\/wp\/v2\/comments?post=2685"}],"version-history":[{"count":3,"href":"https:\/\/disalto.pt\/en\/wp-json\/wp\/v2\/posts\/2685\/revisions"}],"predecessor-version":[{"id":4005,"href":"https:\/\/disalto.pt\/en\/wp-json\/wp\/v2\/posts\/2685\/revisions\/4005"}],"wp:featuredmedia":[{"embeddable":true,"href":"https:\/\/disalto.pt\/en\/wp-json\/wp\/v2\/media\/3879"}],"wp:attachment":[{"href":"https:\/\/disalto.pt\/en\/wp-json\/wp\/v2\/media?parent=2685"}],"wp:term":[{"taxonomy":"category","embeddable":true,"href":"https:\/\/disalto.pt\/en\/wp-json\/wp\/v2\/categories?post=2685"},{"taxonomy":"post_tag","embeddable":true,"href":"https:\/\/disalto.pt\/en\/wp-json\/wp\/v2\/tags?post=2685"}],"curies":[{"name":"wp","href":"https:\/\/api.w.org\/{rel}","templated":true}]}}