{"id":3011,"date":"2023-09-19T08:20:18","date_gmt":"2023-09-19T08:20:18","guid":{"rendered":"https:\/\/disalto.pt\/?p=3011"},"modified":"2025-03-25T10:25:24","modified_gmt":"2025-03-25T10:25:24","slug":"herdade-da-lisboa-5","status":"publish","type":"post","link":"https:\/\/disalto.pt\/en\/vinho-tinto-en\/herdade-da-lisboa-5\/","title":{"rendered":"Herdade da Lisboa Cabernet Sauvignon"},"content":{"rendered":"<p>[et_pb_section bb_built=&#8221;1&#8243; _builder_version=&#8221;4.4.4&#8243; da_disable_devices=&#8221;off|off|off&#8221; da_is_popup=&#8221;off&#8221; da_exit_intent=&#8221;off&#8221; da_has_close=&#8221;on&#8221; da_alt_close=&#8221;off&#8221; da_dark_close=&#8221;off&#8221; da_not_modal=&#8221;on&#8221; da_is_singular=&#8221;off&#8221; da_with_loader=&#8221;off&#8221; da_has_shadow=&#8221;on&#8221;][et_pb_row _builder_version=&#8221;4.4.4&#8243;][et_pb_column type=&#8221;4_4&#8243; _builder_version=&#8221;4.4.4&#8243;][et_pb_text admin_label=&#8221;Excerto&#8221; module_class=&#8221;excerpt&#8221; _builder_version=&#8221;4.7.7&#8243; _dynamic_attributes=&#8221;content&#8221; _module_preset=&#8221;default&#8221; locked=&#8221;on&#8221;]<\/p>\n<p>@ET-DC@eyJkeW5hbWljIjp0cnVlLCJjb250ZW50IjoicG9zdF9leGNlcnB0Iiwic2V0dGluZ3MiOnsiYmVmb3JlIjoiIiwiYWZ0ZXIiOiIiLCJ3b3JkcyI6IiIsInJlYWRfbW9yZV9sYWJlbCI6IiJ9fQ==@<\/p>\n<p>[\/et_pb_text][et_pb_text admin_label=&#8221;Categorias&#8221; module_class=&#8221;categories&#8221; _builder_version=&#8221;4.7.7&#8243; _dynamic_attributes=&#8221;content&#8221; _module_preset=&#8221;default&#8221; locked=&#8221;on&#8221;]<\/p>\n<p>@ET-DC@eyJkeW5hbWljIjp0cnVlLCJjb250ZW50IjoicG9zdF9jYXRlZ29yaWVzIiwic2V0dGluZ3MiOnsiYmVmb3JlIjoiIiwiYWZ0ZXIiOiIiLCJsaW5rX3RvX3Rlcm1fcGFnZSI6Im9uIiwic2VwYXJhdG9yIjoiIHwgIiwiY2F0ZWdvcnlfdHlwZSI6ImNhdGVnb3J5In19@<\/p>\n<p>[\/et_pb_text][et_pb_text admin_label=&#8221;Descritivo&#8221; module_class=&#8221;descritivo&#8221; _builder_version=&#8221;4.22.1&#8243; hover_enabled=&#8221;0&#8243; sticky_enabled=&#8221;0&#8243; background_pattern_color=&#8221;rgba(0,0,0,0.2)&#8221; background_mask_color=&#8221;#ffffff&#8221;]<\/p>\n<p><strong>ORIGIN<\/strong><strong>:<\/strong> Alentejo, the sub-region of Vidigueira.<\/p>\n<p><strong>VARIETIES<\/strong><strong>:<\/strong> 100% Cabernet Sauvignon.<\/p>\n<p><strong>HARVEST<\/strong><strong>:<\/strong> <span class=\"OYPEnA text-decoration-none text-strikethrough-none\">Manual harvest for 12kg boxes, held in September 2020.<\/span><\/p>\n<p><strong>VINIFICATION<\/strong><strong>: <\/strong><span class=\"OYPEnA text-decoration-none text-strikethrough-none\">Manual selection on a vibrating sorting table, followed by destemming and light crushing. Cold pre-fermentative maceration for 48 hours. Alcoholic fermentation takes place in stainless steel tanks with controlled temperature. After pressing, the wine is racking to 300 and 500L french oak barrels, where it undergoes malolactic fermentation and ages for another 12 months.<\/span><\/p>\n<p><strong>WINEMAKERS<\/strong><strong>:<\/strong> Ricardo Xarepe Silva | Ant\u00f3nio Selas<\/p>\n<p><strong>HARMONIZATION<\/strong><strong>:<\/strong> <span class=\"OYPEnA text-decoration-none text-strikethrough-none\">Accompanies with meat and fish dishes of traditional Portuguese cuisine, hunting dishes and cheeses with intense flavor.<\/span><\/p>\n<p>[\/et_pb_text][et_pb_text admin_label=&#8221;Nota de Prova&#8221; module_class=&#8221;nota-de-prova&#8221; _builder_version=&#8221;4.22.1&#8243; locked=&#8221;off&#8221; background_pattern_color=&#8221;rgba(0,0,0,0.2)&#8221; background_mask_color=&#8221;#ffffff&#8221;]<\/p>\n<p><strong>Tasting Notes: <\/strong><span class=\"OYPEnA text-decoration-none text-strikethrough-none\">Dark and intense ruby \u200b\u200bcolor. Aromas of ripe black and red fruit, light pepper, in perfect integration with the toasted notes from the aging in wood. In the mouth it is wide, deep and fresh, with an excellent structure of tannins, firm but polished, and a long and persistent finish. Alcohol Content (%vol.): 14.5%<\/span><\/p>\n<p class=\"cvGsUA direction-ltr align-justify para-style-body\">\u00a0<\/p>\n<p>[\/et_pb_text][et_pb_text admin_label=&#8221;Produ\u00e7\u00e3o&#8221; module_class=&#8221;producao&#8221; _builder_version=&#8221;4.22.1&#8243; background_pattern_color=&#8221;rgba(0,0,0,0.2)&#8221; background_mask_color=&#8221;#ffffff&#8221;]<\/p>\n<p><strong>Logistic information<br \/><\/strong>Capacity: 75cl<br \/>Contains sulfites<\/p>\n<p>[\/et_pb_text][\/et_pb_column][\/et_pb_row][\/et_pb_section]<\/p>\n","protected":false},"excerpt":{"rendered":"<p>Red<\/p>\n","protected":false},"author":4,"featured_media":3869,"comment_status":"closed","ping_status":"closed","sticky":false,"template":"","format":"standard","meta":{"_et_pb_use_builder":"on","_et_pb_old_content":"[et_pb_section fb_built=\"1\" _builder_version=\"4.4.4\"][et_pb_row _builder_version=\"4.4.4\"][et_pb_column type=\"4_4\" _builder_version=\"4.4.4\"][et_pb_text admin_label=\"Excerto\" module_class=\"excerpt\" _builder_version=\"4.7.7\" _dynamic_attributes=\"content\" _module_preset=\"default\" locked=\"on\"]@ET-DC@eyJkeW5hbWljIjp0cnVlLCJjb250ZW50IjoicG9zdF9leGNlcnB0Iiwic2V0dGluZ3MiOnsiYmVmb3JlIjoiIiwiYWZ0ZXIiOiIiLCJ3b3JkcyI6IiIsInJlYWRfbW9yZV9sYWJlbCI6IiJ9fQ==@[\/et_pb_text][et_pb_text admin_label=\"Categorias\" module_class=\"categories\" _builder_version=\"4.7.7\" _dynamic_attributes=\"content\" _module_preset=\"default\" locked=\"on\"]@ET-DC@eyJkeW5hbWljIjp0cnVlLCJjb250ZW50IjoicG9zdF9jYXRlZ29yaWVzIiwic2V0dGluZ3MiOnsiYmVmb3JlIjoiIiwiYWZ0ZXIiOiIiLCJsaW5rX3RvX3Rlcm1fcGFnZSI6Im9uIiwic2VwYXJhdG9yIjoiIHwgIiwiY2F0ZWdvcnlfdHlwZSI6ImNhdGVnb3J5In19@[\/et_pb_text][et_pb_text admin_label=\"Descritivo\" module_class=\"descritivo\" _builder_version=\"4.7.7\"]<p><strong>ORIGEM<\/strong>: Alentejo, sub-regi\u00e3o da Vidigueira.<\/p>\r\n<p><strong>CASTAS<\/strong>: 100% Touriga Nacional<\/p>\r\n<p><strong>VINDIMA<\/strong>: Vindima manual para caixas de 12kg, realizada em agosto de 2019.<\/p>\r\n<p><strong>VINIFICA\u00c7\u00c3O<\/strong>: Arrefecimento das uvas em c\u00e2mara frigor\u00edfica durante 24H para 10\u00baC. Sele\u00e7\u00e3o manual em mesa de triagem vibrat\u00f3ria, seguida de prensagem direta a v\u00e1cuo, com a uva inteira, t\u00e9cnica <em>Blanc de Noirs<\/em>. Decanta\u00e7\u00e3o a frio durante 48H. Fermenta\u00e7\u00e3o em dep\u00f3sitos de inox com temperatura controlada, durante 16 dias. <em>B\u00e2ttonage <\/em>semanal durante dois meses.<\/p>\r\n<p><strong>ENOLOGIA<\/strong>: Ricardo Xarepe Silva | Ant\u00f3nio Selas<\/p>\r\n<p><strong>HARMONIZA\u00c7\u00c3O<\/strong>: Harmoniza com peixe grelhado, marisco, comida asi\u00e1tica e saladas de inspira\u00e7\u00e3o mediterr\u00e2nica. A temperatura ideal de servi\u00e7o \u00e9 entre 10\u00baC a 12 \u00baC<\/p>[\/et_pb_text][et_pb_text admin_label=\"Nota de Prova\" module_class=\"nota-de-prova\" _builder_version=\"4.7.7\" locked=\"off\"]<strong>Nota de Prova <\/strong>Cor salm\u00e3o p\u00e1lido. Aroma exuberante a fruta fresca, mirtilo e notas florais. Na boca a excelente acidez confere-lhe uma frescura not\u00e1vel, apresenta boa estrutura e termina amplo e saboroso. Teor alco\u00f3lico (%VOL.): 11,5 %[\/et_pb_text][et_pb_text admin_label=\"Produ\u00e7\u00e3o\" module_class=\"producao\" _builder_version=\"4.7.7\"]<p><strong>Produ\u00e7\u00e3o<br \/><\/strong>Engarrafamento: Mar\u00e7o 2020<\/p>\r\n<p><strong>Log\u00edstica<br \/><\/strong>Capacidade: 75cl | 150cl<br \/>Caixa cart\u00e3o - 6 garrafas 75cl<br \/>Cont\u00e9m sulfitos<\/p>[\/et_pb_text][\/et_pb_column][\/et_pb_row][\/et_pb_section]","_et_gb_content_width":"","_jetpack_memberships_contains_paid_content":false,"footnotes":""},"categories":[49,46],"tags":[152],"class_list":["post-3011","post","type-post","status-publish","format-standard","has-post-thumbnail","hentry","category-alentejo-en","category-vinho-tinto-en","tag-cabernet-sauvignon-en"],"jetpack_featured_media_url":"https:\/\/i0.wp.com\/disalto.pt\/wp-content\/uploads\/2024\/10\/7.jpg?fit=320%2C600&ssl=1","jetpack_sharing_enabled":true,"_links":{"self":[{"href":"https:\/\/disalto.pt\/en\/wp-json\/wp\/v2\/posts\/3011","targetHints":{"allow":["GET"]}}],"collection":[{"href":"https:\/\/disalto.pt\/en\/wp-json\/wp\/v2\/posts"}],"about":[{"href":"https:\/\/disalto.pt\/en\/wp-json\/wp\/v2\/types\/post"}],"author":[{"embeddable":true,"href":"https:\/\/disalto.pt\/en\/wp-json\/wp\/v2\/users\/4"}],"replies":[{"embeddable":true,"href":"https:\/\/disalto.pt\/en\/wp-json\/wp\/v2\/comments?post=3011"}],"version-history":[{"count":2,"href":"https:\/\/disalto.pt\/en\/wp-json\/wp\/v2\/posts\/3011\/revisions"}],"predecessor-version":[{"id":4460,"href":"https:\/\/disalto.pt\/en\/wp-json\/wp\/v2\/posts\/3011\/revisions\/4460"}],"wp:featuredmedia":[{"embeddable":true,"href":"https:\/\/disalto.pt\/en\/wp-json\/wp\/v2\/media\/3869"}],"wp:attachment":[{"href":"https:\/\/disalto.pt\/en\/wp-json\/wp\/v2\/media?parent=3011"}],"wp:term":[{"taxonomy":"category","embeddable":true,"href":"https:\/\/disalto.pt\/en\/wp-json\/wp\/v2\/categories?post=3011"},{"taxonomy":"post_tag","embeddable":true,"href":"https:\/\/disalto.pt\/en\/wp-json\/wp\/v2\/tags?post=3011"}],"curies":[{"name":"wp","href":"https:\/\/api.w.org\/{rel}","templated":true}]}}