{"id":4450,"date":"2025-03-25T10:05:17","date_gmt":"2025-03-25T10:05:17","guid":{"rendered":"https:\/\/disalto.pt\/?p=4450"},"modified":"2026-03-10T17:49:46","modified_gmt":"2026-03-10T17:49:46","slug":"cortes-do-reguengo-extra-virgin-olive-oil","status":"publish","type":"post","link":"https:\/\/disalto.pt\/en\/others-en\/cortes-do-reguengo-extra-virgin-olive-oil\/","title":{"rendered":"Cortes do Reguengo Extra Virgin Olive Oil"},"content":{"rendered":"<p>[et_pb_section bb_built=&#8221;1&#8243; _builder_version=&#8221;4.4.4&#8243; da_disable_devices=&#8221;off|off|off&#8221; da_is_popup=&#8221;off&#8221; da_exit_intent=&#8221;off&#8221; da_has_close=&#8221;on&#8221; da_alt_close=&#8221;off&#8221; da_dark_close=&#8221;off&#8221; da_not_modal=&#8221;on&#8221; da_is_singular=&#8221;off&#8221; da_with_loader=&#8221;off&#8221; da_has_shadow=&#8221;on&#8221;][et_pb_row _builder_version=&#8221;4.4.4&#8243;][et_pb_column type=&#8221;4_4&#8243; _builder_version=&#8221;4.4.4&#8243;][et_pb_text admin_label=&#8221;Excerto&#8221; module_class=&#8221;excerpt&#8221; _builder_version=&#8221;4.7.7&#8243; _dynamic_attributes=&#8221;content&#8221; _module_preset=&#8221;default&#8221; locked=&#8221;on&#8221;]<\/p>\n<p>@ET-DC@eyJkeW5hbWljIjp0cnVlLCJjb250ZW50IjoicG9zdF9leGNlcnB0Iiwic2V0dGluZ3MiOnsiYmVmb3JlIjoiIiwiYWZ0ZXIiOiIiLCJ3b3JkcyI6IiIsInJlYWRfbW9yZV9sYWJlbCI6IiJ9fQ==@<\/p>\n<p>[\/et_pb_text][et_pb_text admin_label=&#8221;Categorias&#8221; module_class=&#8221;categories&#8221; _builder_version=&#8221;4.7.7&#8243; _dynamic_attributes=&#8221;content&#8221; _module_preset=&#8221;default&#8221; locked=&#8221;on&#8221;]<\/p>\n<p>@ET-DC@eyJkeW5hbWljIjp0cnVlLCJjb250ZW50IjoicG9zdF9jYXRlZ29yaWVzIiwic2V0dGluZ3MiOnsiYmVmb3JlIjoiIiwiYWZ0ZXIiOiIiLCJsaW5rX3RvX3Rlcm1fcGFnZSI6Im9uIiwic2VwYXJhdG9yIjoiIHwgIiwiY2F0ZWdvcnlfdHlwZSI6ImNhdGVnb3J5In19@<\/p>\n<p>[\/et_pb_text][et_pb_text admin_label=&#8221;Descritivo&#8221; module_class=&#8221;descritivo&#8221; _builder_version=&#8221;4.27.4&#8243; hover_enabled=&#8221;0&#8243; sticky_enabled=&#8221;0&#8243; background_pattern_color=&#8221;rgba(0,0,0,0.2)&#8221; background_mask_color=&#8221;#ffffff&#8221;]<\/p>\n<p>Produced from early-ripened Galega and Cobran\u00e7osa olive varieties, Cortes do Reguengo Extra Virgin Olive Oil has a flavour that reveals notes of freshly cut grass, banana skin, apple and green olives. Its fruity aroma hints at the intensity and harmony of its flavour, revealing a pleasant persistence. Recommended for seasoning salads, fruit and grilled fish, or simply enjoyed with bread.<\/p>\n<p>[\/et_pb_text][et_pb_text admin_label=&#8221;Nota de Prova&#8221; module_class=&#8221;nota-de-prova&#8221; _builder_version=&#8221;4.27.4&#8243; locked=&#8221;off&#8221; background_pattern_color=&#8221;rgba(0,0,0,0.2)&#8221; background_mask_color=&#8221;#ffffff&#8221;]<\/p>\n<p><strong>Tasting Notes<\/strong> Notes of freshly cut grass, banana skin, apple and green olives. Recommended for seasoning salads, fruit and grilled fish, or simply enjoyed with bread.<\/p>\n<p>[\/et_pb_text][et_pb_text admin_label=&#8221;Produ\u00e7\u00e3o&#8221; disabled_on=&#8221;off|off|off&#8221; module_class=&#8221;producao&#8221; _builder_version=&#8221;4.27.4&#8243; hover_enabled=&#8221;0&#8243; sticky_enabled=&#8221;0&#8243; background_pattern_color=&#8221;rgba(0,0,0,0.2)&#8221; background_mask_color=&#8221;#ffffff&#8221;]<\/p>\n<p>Capacity: 50cl<\/p>\n<p>[\/et_pb_text][\/et_pb_column][\/et_pb_row][\/et_pb_section]<\/p>\n","protected":false},"excerpt":{"rendered":"<p>Olive Oil<\/p>\n","protected":false},"author":4,"featured_media":4735,"comment_status":"closed","ping_status":"closed","sticky":false,"template":"","format":"standard","meta":{"_et_pb_use_builder":"on","_et_pb_old_content":"[et_pb_section fb_built=\"1\" _builder_version=\"4.4.4\" da_disable_devices=\"off|off|off\" da_is_popup=\"off\" da_exit_intent=\"off\" da_has_close=\"on\" da_alt_close=\"off\" da_dark_close=\"off\" da_not_modal=\"on\" da_is_singular=\"off\" da_with_loader=\"off\" da_has_shadow=\"on\"][et_pb_row _builder_version=\"4.4.4\"][et_pb_column type=\"4_4\" _builder_version=\"4.4.4\"][et_pb_text admin_label=\"Excerto\" module_class=\"excerpt\" _builder_version=\"4.7.7\" _dynamic_attributes=\"content\" _module_preset=\"default\" locked=\"on\"]@ET-DC@eyJkeW5hbWljIjp0cnVlLCJjb250ZW50IjoicG9zdF9leGNlcnB0Iiwic2V0dGluZ3MiOnsiYmVmb3JlIjoiIiwiYWZ0ZXIiOiIiLCJ3b3JkcyI6IiIsInJlYWRfbW9yZV9sYWJlbCI6IiJ9fQ==@[\/et_pb_text][et_pb_text admin_label=\"Categorias\" module_class=\"categories\" _builder_version=\"4.7.7\" _dynamic_attributes=\"content\" _module_preset=\"default\" locked=\"on\"]@ET-DC@eyJkeW5hbWljIjp0cnVlLCJjb250ZW50IjoicG9zdF9jYXRlZ29yaWVzIiwic2V0dGluZ3MiOnsiYmVmb3JlIjoiIiwiYWZ0ZXIiOiIiLCJsaW5rX3RvX3Rlcm1fcGFnZSI6Im9uIiwic2VwYXJhdG9yIjoiIHwgIiwiY2F0ZWdvcnlfdHlwZSI6ImNhdGVnb3J5In19@[\/et_pb_text][et_pb_text admin_label=\"Descritivo\" module_class=\"descritivo\" _builder_version=\"4.7.7\"]<p><strong>ORIGEM:<\/strong> Champagne, Fran\u00e7a<\/p>\r\n<p><strong>CASTAS:<\/strong> 20% Chardonnay e 80% Pinot Noir.<\/p>\r\n<p><strong>V\u00cdNIFICA\u00c7\u00c3O:<\/strong> Vinificado em barricas de carvalho com tr\u00eas a cinco vinhos, em que 50% \u00e9 vinho reserva. Est\u00e1gio <i>sur lies<\/i> durante dois anos.<\/p>\r\n<p><strong>VINHA:<\/strong> A Humanidade e a Sustentabilidade s\u00e3o as palavras-chave de Esprit-Nature e a porta de entrada para o universo de Henri Giraud. Este vinho maravilhoso ostenta a bandeira do compromisso original da casa Henri Giraud para com a defesa e a prote\u00e7\u00e3o do meio-ambiente. O s\u00edmbolo do carvalho em papel, conta a hist\u00f3ria da fragilidade da vida e da capacidade que o Homem tem de a reinventar.<\/p>[\/et_pb_text][et_pb_text admin_label=\"Nota de Prova\" module_class=\"nota-de-prova\" _builder_version=\"4.7.7\" locked=\"off\"]<strong>Nota de Prova <\/strong>Generoso e muito sedutor. Um Champagne com notas minerais bem equilibradas com um ligeiro amargo, fazendo deste um grande vinho de Champagne, enquanto a sua fruta expressiva nos remete para a partilha de momentos de prazer.[\/et_pb_text][et_pb_text disabled_on=\"on|on|on\" admin_label=\"Produ\u00e7\u00e3o\" module_class=\"producao\" _builder_version=\"4.7.7\" disabled=\"on\"]<p><strong>Produ\u00e7\u00e3o<br \/><\/strong>Engarrafamento: Fevereiro 2020<\/p>\r\n<p><strong>Log\u00edstica<br \/><\/strong>Capacidade: 75cl<br \/>Caixa cart\u00e3o - 6 garrafas 75cl<br \/>Cont\u00e9m sulfitos<\/p>[\/et_pb_text][\/et_pb_column][\/et_pb_row][\/et_pb_section]","_et_gb_content_width":"","_jetpack_memberships_contains_paid_content":false,"footnotes":""},"categories":[188,64],"tags":[191],"class_list":["post-4450","post","type-post","status-publish","format-standard","has-post-thumbnail","hentry","category-olive-oil","category-others-en","tag-olive-oil"],"jetpack_featured_media_url":"https:\/\/i0.wp.com\/disalto.pt\/wp-content\/uploads\/2025\/03\/FOTOS_WEBSITEDISALTO-4.png?fit=320%2C600&ssl=1","jetpack_sharing_enabled":true,"_links":{"self":[{"href":"https:\/\/disalto.pt\/en\/wp-json\/wp\/v2\/posts\/4450","targetHints":{"allow":["GET"]}}],"collection":[{"href":"https:\/\/disalto.pt\/en\/wp-json\/wp\/v2\/posts"}],"about":[{"href":"https:\/\/disalto.pt\/en\/wp-json\/wp\/v2\/types\/post"}],"author":[{"embeddable":true,"href":"https:\/\/disalto.pt\/en\/wp-json\/wp\/v2\/users\/4"}],"replies":[{"embeddable":true,"href":"https:\/\/disalto.pt\/en\/wp-json\/wp\/v2\/comments?post=4450"}],"version-history":[{"count":2,"href":"https:\/\/disalto.pt\/en\/wp-json\/wp\/v2\/posts\/4450\/revisions"}],"predecessor-version":[{"id":4453,"href":"https:\/\/disalto.pt\/en\/wp-json\/wp\/v2\/posts\/4450\/revisions\/4453"}],"wp:featuredmedia":[{"embeddable":true,"href":"https:\/\/disalto.pt\/en\/wp-json\/wp\/v2\/media\/4735"}],"wp:attachment":[{"href":"https:\/\/disalto.pt\/en\/wp-json\/wp\/v2\/media?parent=4450"}],"wp:term":[{"taxonomy":"category","embeddable":true,"href":"https:\/\/disalto.pt\/en\/wp-json\/wp\/v2\/categories?post=4450"},{"taxonomy":"post_tag","embeddable":true,"href":"https:\/\/disalto.pt\/en\/wp-json\/wp\/v2\/tags?post=4450"}],"curies":[{"name":"wp","href":"https:\/\/api.w.org\/{rel}","templated":true}]}}